{"id":9989,"date":"2026-03-05T08:00:00","date_gmt":"2026-03-05T07:00:00","guid":{"rendered":"https:\/\/veynes.fr\/?p=9989"},"modified":"2026-02-23T16:09:42","modified_gmt":"2026-02-23T15:09:42","slug":"elementor-9989","status":"publish","type":"post","link":"https:\/\/veynes.fr\/?p=9989","title":{"rendered":"C\u00e9r\u00e9monie comm\u00e9morative du 19 mars 2026"},"content":{"rendered":"\t\t<div data-elementor-type=\"wp-post\" data-elementor-id=\"9989\" class=\"elementor elementor-9989\">\n\t\t\t\t\t\t<section class=\"elementor-section elementor-top-section elementor-element elementor-element-7a3ad5e elementor-section-boxed elementor-section-height-default elementor-section-height-default\" data-id=\"7a3ad5e\" data-element_type=\"section\">\n\t\t\t\t\t\t<div class=\"elementor-container elementor-column-gap-default\">\n\t\t\t\t\t<div class=\"elementor-column elementor-col-100 elementor-top-column elementor-element elementor-element-8b16d52\" data-id=\"8b16d52\" data-element_type=\"column\">\n\t\t\t<div class=\"elementor-widget-wrap elementor-element-populated\">\n\t\t\t\t\t\t<div class=\"elementor-element elementor-element-df42c36 elementor-widget elementor-widget-image\" data-id=\"df42c36\" data-element_type=\"widget\" data-widget_type=\"image.default\">\n\t\t\t\t<div class=\"elementor-widget-container\">\n\t\t\t\t\t\t\t\t\t\t\t\t\t\t\t\t<a href=\"https:\/\/veynes.fr\/wp-content\/uploads\/2026\/03\/Invitation-ceremonie-du-19-mars-2026.jpg\" data-elementor-open-lightbox=\"yes\" data-elementor-lightbox-title=\"Invitation c\u00e9r\u00e9monie du 19 mars 2026\" data-e-action-hash=\"#elementor-action%3Aaction%3Dlightbox%26settings%3DeyJpZCI6OTk5MSwidXJsIjoiaHR0cHM6XC9cL3ZleW5lcy5mclwvd3AtY29udGVudFwvdXBsb2Fkc1wvMjAyNlwvMDNcL0ludml0YXRpb24tY2VyZW1vbmllLWR1LTE5LW1hcnMtMjAyNi5qcGcifQ%3D%3D\">\n\t\t\t\t\t\t\t<img fetchpriority=\"high\" decoding=\"async\" width=\"724\" height=\"1024\" src=\"https:\/\/veynes.fr\/wp-content\/uploads\/2026\/03\/Invitation-ceremonie-du-19-mars-2026-724x1024.jpg\" class=\"attachment-large size-large wp-image-9991\" alt=\"\" srcset=\"https:\/\/veynes.fr\/wp-content\/uploads\/2026\/03\/Invitation-ceremonie-du-19-mars-2026-724x1024.jpg 724w, https:\/\/veynes.fr\/wp-content\/uploads\/2026\/03\/Invitation-ceremonie-du-19-mars-2026-212x300.jpg 212w, https:\/\/veynes.fr\/wp-content\/uploads\/2026\/03\/Invitation-ceremonie-du-19-mars-2026-768x1087.jpg 768w, https:\/\/veynes.fr\/wp-content\/uploads\/2026\/03\/Invitation-ceremonie-du-19-mars-2026-1086x1536.jpg 1086w, https:\/\/veynes.fr\/wp-content\/uploads\/2026\/03\/Invitation-ceremonie-du-19-mars-2026-1448x2048.jpg 1448w, https:\/\/veynes.fr\/wp-content\/uploads\/2026\/03\/Invitation-ceremonie-du-19-mars-2026-1320x1867.jpg 1320w, https:\/\/veynes.fr\/wp-content\/uploads\/2026\/03\/Invitation-ceremonie-du-19-mars-2026.jpg 1654w\" sizes=\"(max-width: 724px) 100vw, 724px\" \/>\t\t\t\t\t\t\t\t<\/a>\n\t\t\t\t\t\t\t\t\t\t\t\t\t\t\t<\/div>\n\t\t\t\t<\/div>\n\t\t\t\t\t<\/div>\n\t\t<\/div>\n\t\t\t\t\t<\/div>\n\t\t<\/section>\n\t\t\t\t<\/div>\n\t\t","protected":false},"excerpt":{"rendered":"","protected":false},"author":6,"featured_media":0,"comment_status":"closed","ping_status":"closed","sticky":false,"template":"","format":"standard","meta":{"footnotes":""},"categories":[13,12],"tags":[],"class_list":["post-9989","post","type-post","status-publish","format-standard","hentry","category-vie-municipale","category-vie-quotidienne"],"_links":{"self":[{"href":"https:\/\/veynes.fr\/index.php?rest_route=\/wp\/v2\/posts\/9989","targetHints":{"allow":["GET"]}}],"collection":[{"href":"https:\/\/veynes.fr\/index.php?rest_route=\/wp\/v2\/posts"}],"about":[{"href":"https:\/\/veynes.fr\/index.php?rest_route=\/wp\/v2\/types\/post"}],"author":[{"embeddable":true,"href":"https:\/\/veynes.fr\/index.php?rest_route=\/wp\/v2\/users\/6"}],"replies":[{"embeddable":true,"href":"https:\/\/veynes.fr\/index.php?rest_route=%2Fwp%2Fv2%2Fcomments&post=9989"}],"version-history":[{"count":4,"href":"https:\/\/veynes.fr\/index.php?rest_route=\/wp\/v2\/posts\/9989\/revisions"}],"predecessor-version":[{"id":9994,"href":"https:\/\/veynes.fr\/index.php?rest_route=\/wp\/v2\/posts\/9989\/revisions\/9994"}],"wp:attachment":[{"href":"https:\/\/veynes.fr\/index.php?rest_route=%2Fwp%2Fv2%2Fmedia&parent=9989"}],"wp:term":[{"taxonomy":"category","embeddable":true,"href":"https:\/\/veynes.fr\/index.php?rest_route=%2Fwp%2Fv2%2Fcategories&post=9989"},{"taxonomy":"post_tag","embeddable":true,"href":"https:\/\/veynes.fr\/index.php?rest_route=%2Fwp%2Fv2%2Ftags&post=9989"}],"curies":[{"name":"wp","href":"https:\/\/api.w.org\/{rel}","templated":true}]}}