{"id":9818,"date":"2026-02-25T10:28:23","date_gmt":"2026-02-25T09:28:23","guid":{"rendered":"https:\/\/veynes.fr\/?p=9818"},"modified":"2026-02-25T10:28:24","modified_gmt":"2026-02-25T09:28:24","slug":"elementor-9818","status":"publish","type":"post","link":"https:\/\/veynes.fr\/?p=9818","title":{"rendered":"Inscriptions scolaires 2026\/2027"},"content":{"rendered":"\t\t<div data-elementor-type=\"wp-post\" data-elementor-id=\"9818\" class=\"elementor elementor-9818\">\n\t\t\t\t\t\t<section class=\"elementor-section elementor-top-section elementor-element elementor-element-69f95d5 elementor-section-boxed elementor-section-height-default elementor-section-height-default\" data-id=\"69f95d5\" data-element_type=\"section\">\n\t\t\t\t\t\t<div class=\"elementor-container elementor-column-gap-default\">\n\t\t\t\t\t<div class=\"elementor-column elementor-col-100 elementor-top-column elementor-element elementor-element-406d440\" data-id=\"406d440\" data-element_type=\"column\">\n\t\t\t<div class=\"elementor-widget-wrap elementor-element-populated\">\n\t\t\t\t\t\t<div class=\"elementor-element elementor-element-6df1bc6 elementor-widget elementor-widget-text-editor\" data-id=\"6df1bc6\" data-element_type=\"widget\" data-widget_type=\"text-editor.default\">\n\t\t\t\t<div class=\"elementor-widget-container\">\n\t\t\t\t\t\t\t\t\t<h3 style=\"text-align: center;\">La p\u00e9riode des <strong>inscriptions \u00e0 l&#8217;\u00e9cole maternelle<\/strong> pour la <strong>rentr\u00e9e scolaire 2026\/2027<\/strong>\u00a0est ouverte jusqu&#8217;au <strong>9 mars 2026.<\/strong><\/h3><h3 style=\"text-align: center;\">Vous devez <strong>remplir le formulaire d&#8217;inscription<\/strong> disponible en cliquant sur le lien ci-dessous :<\/h3><h3 style=\"text-align: center;\"><a href=\"https:\/\/veynes.fr\/wp-content\/uploads\/2026\/01\/Inscription-ecole-maternelle-2026-2027.pdf\" target=\"_blank\" rel=\"noopener\"><strong>inscription \u00e0 l&#8217;\u00e9cole maternelle (PS \u00e0 GS)<\/strong><\/a><\/h3><h3 style=\"text-align: center;\">Le dossier est \u00e0 retourner compl\u00e9t\u00e9 et accompagn\u00e9 des pi\u00e8ces justificatives :<\/h3><h3 style=\"text-align: center;\">\u2022 par<strong> email<\/strong> \u00e0 <span style=\"text-decoration: underline; color: #0000ff;\"><span>servicescolaire@veynes.fr<\/span><\/span><\/h3><h3 style=\"text-align: center;\">\u2022 directement \u00e0 <strong>l&#8217;accueil de la Mairie<\/strong> aux horaires d&#8217;ouverture<\/h3><h3 style=\"text-align: center;\"><em>Pour tout renseignement, vous pouvez contacter le service scolaire au 04.92.58.10.22.<\/em><\/h3>\t\t\t\t\t\t\t\t<\/div>\n\t\t\t\t<\/div>\n\t\t\t\t\t<\/div>\n\t\t<\/div>\n\t\t\t\t\t<\/div>\n\t\t<\/section>\n\t\t\t\t<\/div>\n\t\t","protected":false},"excerpt":{"rendered":"<p>La p\u00e9riode des inscriptions \u00e0 l&#8217;\u00e9cole maternelle pour la rentr\u00e9e scolaire 2026\/2027\u00a0est ouverte jusqu&#8217;au 9 mars 2026. Vous devez remplir&hellip;<\/p>\n","protected":false},"author":6,"featured_media":0,"comment_status":"closed","ping_status":"closed","sticky":false,"template":"","format":"standard","meta":{"footnotes":""},"categories":[12],"tags":[],"class_list":["post-9818","post","type-post","status-publish","format-standard","hentry","category-vie-quotidienne"],"_links":{"self":[{"href":"https:\/\/veynes.fr\/index.php?rest_route=\/wp\/v2\/posts\/9818","targetHints":{"allow":["GET"]}}],"collection":[{"href":"https:\/\/veynes.fr\/index.php?rest_route=\/wp\/v2\/posts"}],"about":[{"href":"https:\/\/veynes.fr\/index.php?rest_route=\/wp\/v2\/types\/post"}],"author":[{"embeddable":true,"href":"https:\/\/veynes.fr\/index.php?rest_route=\/wp\/v2\/users\/6"}],"replies":[{"embeddable":true,"href":"https:\/\/veynes.fr\/index.php?rest_route=%2Fwp%2Fv2%2Fcomments&post=9818"}],"version-history":[{"count":8,"href":"https:\/\/veynes.fr\/index.php?rest_route=\/wp\/v2\/posts\/9818\/revisions"}],"predecessor-version":[{"id":10001,"href":"https:\/\/veynes.fr\/index.php?rest_route=\/wp\/v2\/posts\/9818\/revisions\/10001"}],"wp:attachment":[{"href":"https:\/\/veynes.fr\/index.php?rest_route=%2Fwp%2Fv2%2Fmedia&parent=9818"}],"wp:term":[{"taxonomy":"category","embeddable":true,"href":"https:\/\/veynes.fr\/index.php?rest_route=%2Fwp%2Fv2%2Fcategories&post=9818"},{"taxonomy":"post_tag","embeddable":true,"href":"https:\/\/veynes.fr\/index.php?rest_route=%2Fwp%2Fv2%2Ftags&post=9818"}],"curies":[{"name":"wp","href":"https:\/\/api.w.org\/{rel}","templated":true}]}}