{"id":9714,"date":"2025-12-12T09:00:00","date_gmt":"2025-12-12T08:00:00","guid":{"rendered":"https:\/\/veynes.fr\/?p=9714"},"modified":"2025-12-18T14:53:21","modified_gmt":"2025-12-18T13:53:21","slug":"elementor-9714","status":"publish","type":"post","link":"https:\/\/veynes.fr\/?p=9714","title":{"rendered":"COMMUNIQU\u00c9 \u00c0 LA POPULATION"},"content":{"rendered":"\t\t<div data-elementor-type=\"wp-post\" data-elementor-id=\"9714\" class=\"elementor elementor-9714\">\n\t\t\t\t\t\t<section class=\"elementor-section elementor-top-section elementor-element elementor-element-d8b42f7 elementor-section-boxed elementor-section-height-default elementor-section-height-default\" data-id=\"d8b42f7\" data-element_type=\"section\">\n\t\t\t\t\t\t<div class=\"elementor-container elementor-column-gap-default\">\n\t\t\t\t\t<div class=\"elementor-column elementor-col-100 elementor-top-column elementor-element elementor-element-130caeb\" data-id=\"130caeb\" data-element_type=\"column\">\n\t\t\t<div class=\"elementor-widget-wrap elementor-element-populated\">\n\t\t\t\t\t\t<div class=\"elementor-element elementor-element-1645b62 elementor-widget elementor-widget-text-editor\" data-id=\"1645b62\" data-element_type=\"widget\" data-widget_type=\"text-editor.default\">\n\t\t\t\t<div class=\"elementor-widget-container\">\n\t\t\t\t\t\t\t\t\t<h3 style=\"text-align: center;\">En raison des jours f\u00e9ri\u00e9s, le march\u00e9 hebdomadaire de Veynes se tiendra exceptionnellement les <span style=\"text-decoration: underline; color: #ff6600;\">mardis 23 et 30 d\u00e9cembre.<\/span><\/h3><h3 style=\"text-align: center;\">Merci pour votre compr\u00e9hension.<\/h3>\t\t\t\t\t\t\t\t<\/div>\n\t\t\t\t<\/div>\n\t\t\t\t\t<\/div>\n\t\t<\/div>\n\t\t\t\t\t<\/div>\n\t\t<\/section>\n\t\t\t\t<section class=\"elementor-section elementor-top-section elementor-element elementor-element-e0d4546 elementor-section-boxed elementor-section-height-default elementor-section-height-default\" data-id=\"e0d4546\" data-element_type=\"section\">\n\t\t\t\t\t\t<div class=\"elementor-container elementor-column-gap-default\">\n\t\t\t\t\t<div class=\"elementor-column elementor-col-100 elementor-top-column elementor-element elementor-element-9dd3939\" data-id=\"9dd3939\" data-element_type=\"column\">\n\t\t\t<div class=\"elementor-widget-wrap elementor-element-populated\">\n\t\t\t\t\t\t<div class=\"elementor-element elementor-element-eb51976 elementor-widget elementor-widget-image\" data-id=\"eb51976\" data-element_type=\"widget\" data-widget_type=\"image.default\">\n\t\t\t\t<div class=\"elementor-widget-container\">\n\t\t\t\t\t\t\t\t\t\t\t\t\t\t\t\t<a href=\"https:\/\/veynes.fr\/wp-content\/uploads\/2025\/12\/navette_NOEL-2025.png\" data-elementor-open-lightbox=\"yes\" data-elementor-lightbox-title=\"navette_NOEL 2025\" data-e-action-hash=\"#elementor-action%3Aaction%3Dlightbox%26settings%3DeyJpZCI6OTc2NSwidXJsIjoiaHR0cHM6XC9cL3ZleW5lcy5mclwvd3AtY29udGVudFwvdXBsb2Fkc1wvMjAyNVwvMTJcL25hdmV0dGVfTk9FTC0yMDI1LnBuZyJ9\">\n\t\t\t\t\t\t\t<img fetchpriority=\"high\" decoding=\"async\" width=\"750\" height=\"629\" src=\"https:\/\/veynes.fr\/wp-content\/uploads\/2025\/12\/navette_NOEL-2025.png\" class=\"attachment-large size-large wp-image-9765\" alt=\"\" srcset=\"https:\/\/veynes.fr\/wp-content\/uploads\/2025\/12\/navette_NOEL-2025.png 940w, https:\/\/veynes.fr\/wp-content\/uploads\/2025\/12\/navette_NOEL-2025-300x251.png 300w, https:\/\/veynes.fr\/wp-content\/uploads\/2025\/12\/navette_NOEL-2025-768x644.png 768w\" sizes=\"(max-width: 750px) 100vw, 750px\" \/>\t\t\t\t\t\t\t\t<\/a>\n\t\t\t\t\t\t\t\t\t\t\t\t\t\t\t<\/div>\n\t\t\t\t<\/div>\n\t\t\t\t\t<\/div>\n\t\t<\/div>\n\t\t\t\t\t<\/div>\n\t\t<\/section>\n\t\t\t\t<\/div>\n\t\t","protected":false},"excerpt":{"rendered":"<p>En raison des jours f\u00e9ri\u00e9s, le march\u00e9 hebdomadaire de Veynes se tiendra exceptionnellement les mardis 23 et 30 d\u00e9cembre. Merci&hellip;<\/p>\n","protected":false},"author":6,"featured_media":0,"comment_status":"closed","ping_status":"closed","sticky":false,"template":"","format":"standard","meta":{"footnotes":""},"categories":[12],"tags":[],"class_list":["post-9714","post","type-post","status-publish","format-standard","hentry","category-vie-quotidienne"],"_links":{"self":[{"href":"https:\/\/veynes.fr\/index.php?rest_route=\/wp\/v2\/posts\/9714","targetHints":{"allow":["GET"]}}],"collection":[{"href":"https:\/\/veynes.fr\/index.php?rest_route=\/wp\/v2\/posts"}],"about":[{"href":"https:\/\/veynes.fr\/index.php?rest_route=\/wp\/v2\/types\/post"}],"author":[{"embeddable":true,"href":"https:\/\/veynes.fr\/index.php?rest_route=\/wp\/v2\/users\/6"}],"replies":[{"embeddable":true,"href":"https:\/\/veynes.fr\/index.php?rest_route=%2Fwp%2Fv2%2Fcomments&post=9714"}],"version-history":[{"count":7,"href":"https:\/\/veynes.fr\/index.php?rest_route=\/wp\/v2\/posts\/9714\/revisions"}],"predecessor-version":[{"id":9768,"href":"https:\/\/veynes.fr\/index.php?rest_route=\/wp\/v2\/posts\/9714\/revisions\/9768"}],"wp:attachment":[{"href":"https:\/\/veynes.fr\/index.php?rest_route=%2Fwp%2Fv2%2Fmedia&parent=9714"}],"wp:term":[{"taxonomy":"category","embeddable":true,"href":"https:\/\/veynes.fr\/index.php?rest_route=%2Fwp%2Fv2%2Fcategories&post=9714"},{"taxonomy":"post_tag","embeddable":true,"href":"https:\/\/veynes.fr\/index.php?rest_route=%2Fwp%2Fv2%2Ftags&post=9714"}],"curies":[{"name":"wp","href":"https:\/\/api.w.org\/{rel}","templated":true}]}}