{"id":9686,"date":"2025-11-27T15:38:12","date_gmt":"2025-11-27T14:38:12","guid":{"rendered":"https:\/\/veynes.fr\/?p=9686"},"modified":"2025-11-27T15:40:28","modified_gmt":"2025-11-27T14:40:28","slug":"le-7-12-voyage-dans-les-alpes-nouvelle-version","status":"publish","type":"post","link":"https:\/\/veynes.fr\/?p=9686","title":{"rendered":"Le 7\/12 | Voyage dans les Alpes : Nouvelle version"},"content":{"rendered":"\t\t<div data-elementor-type=\"wp-post\" data-elementor-id=\"9686\" class=\"elementor elementor-9686\">\n\t\t\t\t\t\t<section class=\"elementor-section elementor-top-section elementor-element elementor-element-497ee38 elementor-section-boxed elementor-section-height-default elementor-section-height-default\" data-id=\"497ee38\" data-element_type=\"section\">\n\t\t\t\t\t\t<div class=\"elementor-container elementor-column-gap-default\">\n\t\t\t\t\t<div class=\"elementor-column elementor-col-100 elementor-top-column elementor-element elementor-element-3532644\" data-id=\"3532644\" data-element_type=\"column\">\n\t\t\t<div class=\"elementor-widget-wrap elementor-element-populated\">\n\t\t\t\t\t\t<div class=\"elementor-element elementor-element-8a8cd21 elementor-widget elementor-widget-text-editor\" data-id=\"8a8cd21\" data-element_type=\"widget\" data-widget_type=\"text-editor.default\">\n\t\t\t\t<div class=\"elementor-widget-container\">\n\t\t\t\t\t\t\t\t\t<table role=\"presentation\" border=\"0\" width=\"100%\" cellspacing=\"0\" cellpadding=\"0\">\n<tbody>\n<tr>\n<td class=\"r34-c nl2go-default-textstyle\" align=\"left\">\n<div>\n<p>Ce film documentaire suit la transhumance exceptionnelle d&#8217;un troupeau de 2 000 moutons parcourant \u00e0 pied 200 km en 10 jours, de la Provence aux pentes des Alpes, \u00e0 travers des paysages grandioses. Entre drailles ancestrales et routes d\u00e9partementales, ce voyage est rythm\u00e9 par de nombreuses aventures.<br id=\"isPasted\" \/>Au fil des images, se d\u00e9couvrent \u00e9galement des transhumances plus locales dans les Alpes-de-Haute-Provence et les Hautes-Alpes. Tourn\u00e9es il y a 20 ans, ces s\u00e9quences t\u00e9moignent d\u2019une tradition aujourd\u2019hui disparue.<\/p>\n<\/div>\n<\/td>\n<\/tr>\n<tr>\n<td class=\"r35-c\" align=\"center\">\n<table role=\"presentation\" border=\"0\" width=\"100%\" cellspacing=\"0\" cellpadding=\"0\">\n<tbody>\n<tr>\n<td height=\"0\">\u00ad<\/td>\n<\/tr>\n<\/tbody>\n<\/table>\n<\/td>\n<\/tr>\n<tr>\n<td class=\"r33-c nl2go-default-textstyle\" align=\"left\">\n<div>\n<p>Tarif unique : 5,5\u20ac<\/p>\n<\/div>\n<\/td>\n<\/tr>\n<\/tbody>\n<\/table>\t\t\t\t\t\t\t\t<\/div>\n\t\t\t\t<\/div>\n\t\t\t\t\t<\/div>\n\t\t<\/div>\n\t\t\t\t\t<\/div>\n\t\t<\/section>\n\t\t\t\t<section class=\"elementor-section elementor-top-section elementor-element elementor-element-73b3e4e4 elementor-section-boxed elementor-section-height-default elementor-section-height-default\" data-id=\"73b3e4e4\" data-element_type=\"section\">\n\t\t\t\t\t\t<div class=\"elementor-container elementor-column-gap-default\">\n\t\t\t\t\t<div class=\"elementor-column elementor-col-100 elementor-top-column elementor-element elementor-element-e0aba3e\" data-id=\"e0aba3e\" data-element_type=\"column\">\n\t\t\t<div class=\"elementor-widget-wrap elementor-element-populated\">\n\t\t\t\t\t\t<div class=\"elementor-element elementor-element-6463cca3 elementor-widget elementor-widget-text-editor\" data-id=\"6463cca3\" data-element_type=\"widget\" data-widget_type=\"text-editor.default\">\n\t\t\t\t<div class=\"elementor-widget-container\">\n\t\t\t\t\t\t\t\t\t\n<figure class=\"wp-block-image size-large\"><img fetchpriority=\"high\" decoding=\"async\" width=\"724\" height=\"1024\" src=\"https:\/\/veynes.fr\/wp-content\/uploads\/2025\/11\/Les-Alpes-affiche-veynes-724x1024.jpg\" alt=\"\" class=\"wp-image-9687\" srcset=\"https:\/\/veynes.fr\/wp-content\/uploads\/2025\/11\/Les-Alpes-affiche-veynes-724x1024.jpg 724w, https:\/\/veynes.fr\/wp-content\/uploads\/2025\/11\/Les-Alpes-affiche-veynes-212x300.jpg 212w, https:\/\/veynes.fr\/wp-content\/uploads\/2025\/11\/Les-Alpes-affiche-veynes-768x1086.jpg 768w, https:\/\/veynes.fr\/wp-content\/uploads\/2025\/11\/Les-Alpes-affiche-veynes-1086x1536.jpg 1086w, https:\/\/veynes.fr\/wp-content\/uploads\/2025\/11\/Les-Alpes-affiche-veynes-1320x1867.jpg 1320w, https:\/\/veynes.fr\/wp-content\/uploads\/2025\/11\/Les-Alpes-affiche-veynes.jpg 1414w\" sizes=\"(max-width: 724px) 100vw, 724px\" \/><\/figure>\n\t\t\t\t\t\t\t\t<\/div>\n\t\t\t\t<\/div>\n\t\t\t\t\t<\/div>\n\t\t<\/div>\n\t\t\t\t\t<\/div>\n\t\t<\/section>\n\t\t\t\t<section class=\"elementor-section elementor-top-section elementor-element elementor-element-65f0f11 elementor-section-boxed elementor-section-height-default elementor-section-height-default\" data-id=\"65f0f11\" data-element_type=\"section\">\n\t\t\t\t\t\t<div class=\"elementor-container elementor-column-gap-default\">\n\t\t\t\t\t<div class=\"elementor-column elementor-col-100 elementor-top-column elementor-element elementor-element-ff6da3d\" data-id=\"ff6da3d\" data-element_type=\"column\">\n\t\t\t<div class=\"elementor-widget-wrap elementor-element-populated\">\n\t\t\t\t\t\t<div class=\"elementor-element elementor-element-0260c88 elementor-widget elementor-widget-button\" data-id=\"0260c88\" data-element_type=\"widget\" data-widget_type=\"button.default\">\n\t\t\t\t<div class=\"elementor-widget-container\">\n\t\t\t\t\t\t\t\t\t<div class=\"elementor-button-wrapper\">\n\t\t\t\t\t<a class=\"elementor-button elementor-button-link elementor-size-sm\" href=\"https:\/\/veynes.fr\/?page_id=6406&#038;sId=1&#038;eId=534\">\n\t\t\t\t\t\t<span class=\"elementor-button-content-wrapper\">\n\t\t\t\t\t\t\t\t\t<span class=\"elementor-button-text\">Cliquez ici pour r\u00e9server<\/span>\n\t\t\t\t\t<\/span>\n\t\t\t\t\t<\/a>\n\t\t\t\t<\/div>\n\t\t\t\t\t\t\t\t<\/div>\n\t\t\t\t<\/div>\n\t\t\t\t\t<\/div>\n\t\t<\/div>\n\t\t\t\t\t<\/div>\n\t\t<\/section>\n\t\t\t\t<\/div>\n\t\t","protected":false},"excerpt":{"rendered":"<p>Ce film documentaire suit la transhumance exceptionnelle d&#8217;un troupeau de 2 000 moutons parcourant \u00e0 pied 200 km en 10&hellip;<\/p>\n","protected":false},"author":8,"featured_media":0,"comment_status":"closed","ping_status":"closed","sticky":false,"template":"","format":"standard","meta":{"footnotes":""},"categories":[17,15],"tags":[],"class_list":["post-9686","post","type-post","status-publish","format-standard","hentry","category-cinema","category-pole-culturel"],"_links":{"self":[{"href":"https:\/\/veynes.fr\/index.php?rest_route=\/wp\/v2\/posts\/9686","targetHints":{"allow":["GET"]}}],"collection":[{"href":"https:\/\/veynes.fr\/index.php?rest_route=\/wp\/v2\/posts"}],"about":[{"href":"https:\/\/veynes.fr\/index.php?rest_route=\/wp\/v2\/types\/post"}],"author":[{"embeddable":true,"href":"https:\/\/veynes.fr\/index.php?rest_route=\/wp\/v2\/users\/8"}],"replies":[{"embeddable":true,"href":"https:\/\/veynes.fr\/index.php?rest_route=%2Fwp%2Fv2%2Fcomments&post=9686"}],"version-history":[{"count":4,"href":"https:\/\/veynes.fr\/index.php?rest_route=\/wp\/v2\/posts\/9686\/revisions"}],"predecessor-version":[{"id":9691,"href":"https:\/\/veynes.fr\/index.php?rest_route=\/wp\/v2\/posts\/9686\/revisions\/9691"}],"wp:attachment":[{"href":"https:\/\/veynes.fr\/index.php?rest_route=%2Fwp%2Fv2%2Fmedia&parent=9686"}],"wp:term":[{"taxonomy":"category","embeddable":true,"href":"https:\/\/veynes.fr\/index.php?rest_route=%2Fwp%2Fv2%2Fcategories&post=9686"},{"taxonomy":"post_tag","embeddable":true,"href":"https:\/\/veynes.fr\/index.php?rest_route=%2Fwp%2Fv2%2Ftags&post=9686"}],"curies":[{"name":"wp","href":"https:\/\/api.w.org\/{rel}","templated":true}]}}