{"id":9681,"date":"2025-11-27T15:36:24","date_gmt":"2025-11-27T14:36:24","guid":{"rendered":"https:\/\/veynes.fr\/?p=9681"},"modified":"2025-11-27T15:36:25","modified_gmt":"2025-11-27T14:36:25","slug":"le-3-12-rencontre-litteraire-avec-isabelle-achard","status":"publish","type":"post","link":"https:\/\/veynes.fr\/?p=9681","title":{"rendered":"Le 3\/12 | Rencontre litt\u00e9raire avec Isabelle Achard"},"content":{"rendered":"\t\t<div data-elementor-type=\"wp-post\" data-elementor-id=\"9681\" class=\"elementor elementor-9681\">\n\t\t\t\t\t\t<section class=\"elementor-section elementor-top-section elementor-element elementor-element-2d2a2e0a elementor-section-boxed elementor-section-height-default elementor-section-height-default\" data-id=\"2d2a2e0a\" data-element_type=\"section\">\n\t\t\t\t\t\t<div class=\"elementor-container elementor-column-gap-default\">\n\t\t\t\t\t<div class=\"elementor-column elementor-col-100 elementor-top-column elementor-element elementor-element-1c8c929f\" data-id=\"1c8c929f\" data-element_type=\"column\">\n\t\t\t<div class=\"elementor-widget-wrap elementor-element-populated\">\n\t\t\t\t\t\t<div class=\"elementor-element elementor-element-1d66016 elementor-widget elementor-widget-text-editor\" data-id=\"1d66016\" data-element_type=\"widget\" data-widget_type=\"text-editor.default\">\n\t\t\t\t<div class=\"elementor-widget-container\">\n\t\t\t\t\t\t\t\t\t<div>\n<p id=\"isPasted\" class=\"default\" data-olk-copy-source=\"MessageBody\">La M\u00e9diath\u00e8que Le Quai des Arts accueillera le mercredi 3 d\u00e9cembre \u00e0 18h l\u2019autrice Isabelle Achard pour une rencontre autour de son livre \u00ab Tisser les mots, tisser les herbes \u00bb. Un ouvrage sensible et lumineux qui explore la relation intime que nous entretenons avec le vivant, les paysages, les plantes, et cette n\u00e9cessit\u00e9 profonde de renouer avec ce qui nous relie au monde.<\/p>\n<p class=\"default\">Cette rencontre sera l\u2019occasion d\u2019\u00e9changer avec une autrice qui place la sensibilit\u00e9, l\u2019attention et la transmission au c\u0153ur de son travail. Isabelle Achard partagera sa d\u00e9marche, ses inspirations et la mani\u00e8re dont elle \u00ab tisse \u00bb son rapport au monde \u00e0 travers l\u2019\u00e9criture.<\/p>\n<p class=\"default\">Un moment privil\u00e9gi\u00e9, chaleureux et profond\u00e9ment humain, \u00e0 ne pas manquer pour tous ceux et celles qui aiment la litt\u00e9rature, la nature, la po\u00e9sie du quotidien\u2026\u00a0<\/p>\n<\/div>\n<p>\u00a0<\/p>\n<p>Entr\u00e9e libre et gratuite \u00e0 la m\u00e9diath\u00e8que de Veynes<\/p>\t\t\t\t\t\t\t\t<\/div>\n\t\t\t\t<\/div>\n\t\t\t\t<div class=\"elementor-element elementor-element-193b95a4 elementor-widget elementor-widget-text-editor\" data-id=\"193b95a4\" data-element_type=\"widget\" data-widget_type=\"text-editor.default\">\n\t\t\t\t<div class=\"elementor-widget-container\">\n\t\t\t\t\t\t\t\t\t\t\t\t\t\t\t\t\t<\/div>\n\t\t\t\t<\/div>\n\t\t\t\t\t<\/div>\n\t\t<\/div>\n\t\t\t\t\t<\/div>\n\t\t<\/section>\n\t\t\t\t<section class=\"elementor-section elementor-top-section elementor-element elementor-element-f5dd122 elementor-section-boxed elementor-section-height-default elementor-section-height-default\" data-id=\"f5dd122\" data-element_type=\"section\">\n\t\t\t\t\t\t<div class=\"elementor-container elementor-column-gap-default\">\n\t\t\t\t\t<div class=\"elementor-column elementor-col-100 elementor-top-column elementor-element elementor-element-1fe4d38\" data-id=\"1fe4d38\" data-element_type=\"column\">\n\t\t\t<div class=\"elementor-widget-wrap elementor-element-populated\">\n\t\t\t\t\t\t<div class=\"elementor-element elementor-element-3eb94f0 elementor-widget elementor-widget-image\" data-id=\"3eb94f0\" data-element_type=\"widget\" data-widget_type=\"image.default\">\n\t\t\t\t<div class=\"elementor-widget-container\">\n\t\t\t\t\t\t\t\t\t\t\t\t\t\t\t<img fetchpriority=\"high\" decoding=\"async\" width=\"724\" height=\"1024\" src=\"https:\/\/veynes.fr\/wp-content\/uploads\/2025\/11\/Affiche-Isabelle-Achard-724x1024.jpg\" class=\"attachment-large size-large wp-image-9682\" alt=\"\" srcset=\"https:\/\/veynes.fr\/wp-content\/uploads\/2025\/11\/Affiche-Isabelle-Achard-724x1024.jpg 724w, https:\/\/veynes.fr\/wp-content\/uploads\/2025\/11\/Affiche-Isabelle-Achard-212x300.jpg 212w, https:\/\/veynes.fr\/wp-content\/uploads\/2025\/11\/Affiche-Isabelle-Achard-768x1086.jpg 768w, https:\/\/veynes.fr\/wp-content\/uploads\/2025\/11\/Affiche-Isabelle-Achard-1086x1536.jpg 1086w, https:\/\/veynes.fr\/wp-content\/uploads\/2025\/11\/Affiche-Isabelle-Achard-1320x1867.jpg 1320w, https:\/\/veynes.fr\/wp-content\/uploads\/2025\/11\/Affiche-Isabelle-Achard.jpg 1414w\" sizes=\"(max-width: 724px) 100vw, 724px\" \/>\t\t\t\t\t\t\t\t\t\t\t\t\t\t\t<\/div>\n\t\t\t\t<\/div>\n\t\t\t\t\t<\/div>\n\t\t<\/div>\n\t\t\t\t\t<\/div>\n\t\t<\/section>\n\t\t\t\t<\/div>\n\t\t","protected":false},"excerpt":{"rendered":"<p>La M\u00e9diath\u00e8que Le Quai des Arts accueillera le mercredi 3 d\u00e9cembre \u00e0 18h l\u2019autrice Isabelle Achard pour une rencontre autour&hellip;<\/p>\n","protected":false},"author":8,"featured_media":0,"comment_status":"closed","ping_status":"closed","sticky":false,"template":"","format":"standard","meta":{"footnotes":""},"categories":[16,15],"tags":[],"class_list":["post-9681","post","type-post","status-publish","format-standard","hentry","category-mediatheque","category-pole-culturel"],"_links":{"self":[{"href":"https:\/\/veynes.fr\/index.php?rest_route=\/wp\/v2\/posts\/9681","targetHints":{"allow":["GET"]}}],"collection":[{"href":"https:\/\/veynes.fr\/index.php?rest_route=\/wp\/v2\/posts"}],"about":[{"href":"https:\/\/veynes.fr\/index.php?rest_route=\/wp\/v2\/types\/post"}],"author":[{"embeddable":true,"href":"https:\/\/veynes.fr\/index.php?rest_route=\/wp\/v2\/users\/8"}],"replies":[{"embeddable":true,"href":"https:\/\/veynes.fr\/index.php?rest_route=%2Fwp%2Fv2%2Fcomments&post=9681"}],"version-history":[{"count":3,"href":"https:\/\/veynes.fr\/index.php?rest_route=\/wp\/v2\/posts\/9681\/revisions"}],"predecessor-version":[{"id":9685,"href":"https:\/\/veynes.fr\/index.php?rest_route=\/wp\/v2\/posts\/9681\/revisions\/9685"}],"wp:attachment":[{"href":"https:\/\/veynes.fr\/index.php?rest_route=%2Fwp%2Fv2%2Fmedia&parent=9681"}],"wp:term":[{"taxonomy":"category","embeddable":true,"href":"https:\/\/veynes.fr\/index.php?rest_route=%2Fwp%2Fv2%2Fcategories&post=9681"},{"taxonomy":"post_tag","embeddable":true,"href":"https:\/\/veynes.fr\/index.php?rest_route=%2Fwp%2Fv2%2Ftags&post=9681"}],"curies":[{"name":"wp","href":"https:\/\/api.w.org\/{rel}","templated":true}]}}