{"id":10025,"date":"2026-03-03T14:25:19","date_gmt":"2026-03-03T13:25:19","guid":{"rendered":"https:\/\/veynes.fr\/?p=10025"},"modified":"2026-03-03T14:25:20","modified_gmt":"2026-03-03T13:25:20","slug":"le-21-03-rhapsodes-oedipe","status":"publish","type":"post","link":"https:\/\/veynes.fr\/?p=10025","title":{"rendered":"Le 21\/03 | RHAPSODES \/ \u0152DIPE"},"content":{"rendered":"\n<p><strong><em>RHAPSODES \/ \u0152DIPE<\/em>&nbsp;&#8211; Collectif TDP<\/strong><\/p>\n\n\n\n<p><strong>Samedi 21 mars \u00e0 21h au Quai des Arts&nbsp;<\/strong><\/p>\n\n\n\n<p><strong>Repr\u00e9sentation programm\u00e9e par Le pas de l&#8217;oiseau dans le cadre de sa Saison Th\u00e9\u00e2trale 2026.<\/strong><\/p>\n\n\n\n<p><strong>Th\u00e9\u00e2tre-r\u00e9cit, Musique<\/strong><\/p>\n\n\n\n<p><strong>Tout public (ados d\u00e8s 11 ans)<\/strong><\/p>\n\n\n\n<p><strong><em>\u0152dipe c\u2019est l\u2019histoire d\u2019une r\u00e9silience, celle d\u2019un homme qui traverse les pires \u00e9preuves et parvient pourtant \u00e0 faire la paix avec les dieux ; un r\u00e9cit profond et bouleversant qui donne l\u00e9gitimit\u00e9 \u00e0 toute vie. Le Collectif TDP propose ici une version lumineuse et r\u00e9invent\u00e9e du mythe, un r\u00e9cit d\u2019aventure initiatique qui emporte comme un souffle.<br>Il nous pla\u00eet \u00e0 penser que les histoires racont\u00e9es dans les trag\u00e9dies grecques ont \u00e9t\u00e9 port\u00e9es par les conteurs avant de devenir les pi\u00e8ces de th\u00e9\u00e2tre que l\u2019on conna\u00eet \u2013 et sans doute avaient-elles alors de multiples versions. Nous, acteurs, musiciens, \u00ab rhapsodes d\u2019aujourd\u2019hui \u00bb, avons eu envie de nous r\u00e9approprier ces histoires embl\u00e9matiques sous la forme de grands r\u00e9cits, dans lesquels la voix de l\u2019acteur et la musique s\u2019unissent pour convoquer nos imaginaires individuels et collectifs.<\/em><\/strong><\/p>\n\n\n\n<figure class=\"wp-block-image size-large\"><img fetchpriority=\"high\" decoding=\"async\" width=\"1024\" height=\"683\" src=\"https:\/\/veynes.fr\/wp-content\/uploads\/2026\/03\/Rhapsodes_Oedipe_5\u00a9Serge_Bonnet-1024x683.jpg\" alt=\"\" class=\"wp-image-10026\" srcset=\"https:\/\/veynes.fr\/wp-content\/uploads\/2026\/03\/Rhapsodes_Oedipe_5\u00a9Serge_Bonnet-1024x683.jpg 1024w, https:\/\/veynes.fr\/wp-content\/uploads\/2026\/03\/Rhapsodes_Oedipe_5\u00a9Serge_Bonnet-300x200.jpg 300w, https:\/\/veynes.fr\/wp-content\/uploads\/2026\/03\/Rhapsodes_Oedipe_5\u00a9Serge_Bonnet-768x512.jpg 768w, https:\/\/veynes.fr\/wp-content\/uploads\/2026\/03\/Rhapsodes_Oedipe_5\u00a9Serge_Bonnet-1536x1024.jpg 1536w, https:\/\/veynes.fr\/wp-content\/uploads\/2026\/03\/Rhapsodes_Oedipe_5\u00a9Serge_Bonnet-2048x1366.jpg 2048w, https:\/\/veynes.fr\/wp-content\/uploads\/2026\/03\/Rhapsodes_Oedipe_5\u00a9Serge_Bonnet-1320x880.jpg 1320w\" sizes=\"(max-width: 1024px) 100vw, 1024px\" \/><\/figure>\n\n\n\n<figure class=\"wp-block-image size-large\"><img decoding=\"async\" width=\"724\" height=\"1024\" src=\"https:\/\/veynes.fr\/wp-content\/uploads\/2026\/01\/CPO\u2022saison2026\u2022afficheA4-jpg-1-724x1024.jpg\" alt=\"\" class=\"wp-image-9847\" srcset=\"https:\/\/veynes.fr\/wp-content\/uploads\/2026\/01\/CPO\u2022saison2026\u2022afficheA4-jpg-1-724x1024.jpg 724w, https:\/\/veynes.fr\/wp-content\/uploads\/2026\/01\/CPO\u2022saison2026\u2022afficheA4-jpg-1-212x300.jpg 212w, https:\/\/veynes.fr\/wp-content\/uploads\/2026\/01\/CPO\u2022saison2026\u2022afficheA4-jpg-1-768x1086.jpg 768w, https:\/\/veynes.fr\/wp-content\/uploads\/2026\/01\/CPO\u2022saison2026\u2022afficheA4-jpg-1.jpg 886w\" sizes=\"(max-width: 724px) 100vw, 724px\" \/><\/figure>\n\n\n\n<p><\/p>\n","protected":false},"excerpt":{"rendered":"<p>RHAPSODES \/ \u0152DIPE&nbsp;&#8211; Collectif TDP Samedi 21 mars \u00e0 21h au Quai des Arts&nbsp; Repr\u00e9sentation programm\u00e9e par Le pas de&hellip;<\/p>\n","protected":false},"author":8,"featured_media":0,"comment_status":"closed","ping_status":"closed","sticky":false,"template":"","format":"standard","meta":{"footnotes":""},"categories":[15,18],"tags":[],"class_list":["post-10025","post","type-post","status-publish","format-standard","hentry","category-pole-culturel","category-spectacle"],"_links":{"self":[{"href":"https:\/\/veynes.fr\/index.php?rest_route=\/wp\/v2\/posts\/10025","targetHints":{"allow":["GET"]}}],"collection":[{"href":"https:\/\/veynes.fr\/index.php?rest_route=\/wp\/v2\/posts"}],"about":[{"href":"https:\/\/veynes.fr\/index.php?rest_route=\/wp\/v2\/types\/post"}],"author":[{"embeddable":true,"href":"https:\/\/veynes.fr\/index.php?rest_route=\/wp\/v2\/users\/8"}],"replies":[{"embeddable":true,"href":"https:\/\/veynes.fr\/index.php?rest_route=%2Fwp%2Fv2%2Fcomments&post=10025"}],"version-history":[{"count":1,"href":"https:\/\/veynes.fr\/index.php?rest_route=\/wp\/v2\/posts\/10025\/revisions"}],"predecessor-version":[{"id":10027,"href":"https:\/\/veynes.fr\/index.php?rest_route=\/wp\/v2\/posts\/10025\/revisions\/10027"}],"wp:attachment":[{"href":"https:\/\/veynes.fr\/index.php?rest_route=%2Fwp%2Fv2%2Fmedia&parent=10025"}],"wp:term":[{"taxonomy":"category","embeddable":true,"href":"https:\/\/veynes.fr\/index.php?rest_route=%2Fwp%2Fv2%2Fcategories&post=10025"},{"taxonomy":"post_tag","embeddable":true,"href":"https:\/\/veynes.fr\/index.php?rest_route=%2Fwp%2Fv2%2Ftags&post=10025"}],"curies":[{"name":"wp","href":"https:\/\/api.w.org\/{rel}","templated":true}]}}